{"id":428,"date":"2026-02-10T20:36:55","date_gmt":"2026-02-10T18:36:55","guid":{"rendered":"https:\/\/hydepakki.fi\/?p=428"},"modified":"2026-02-10T20:46:42","modified_gmt":"2026-02-10T18:46:42","slug":"hyden-hallitus-2026","status":"publish","type":"post","link":"https:\/\/hydepakki.fi\/en\/hyde\/hyden-hallitus-2026\/","title":{"rendered":"Hyden hallitus 2026"},"content":{"rendered":"<p class=\"has-text-align-center\"><strong>Chair of the board:<\/strong><br>Erika Liiri<br><strong>Vice chair:<\/strong><br>Tuan Nguyen<br><strong>Secretary:<\/strong><br>Saana Tolvanen<br><strong>Master of coin:<\/strong><br>Jenni Turpeinen<br><strong>Storage manager:<\/strong><br>Austeja Kazanaviciute<br><strong>Social media manager<\/strong><br>Erika Liiri<br><strong>Environmental and equality manager<\/strong><br>Lotta Korpi<br><strong>Harassment contact people:<\/strong><br>Erika Liiri, Venla Salonen<br><br><\/p>","protected":false},"excerpt":{"rendered":"<p>Puheenjohtaja:Erika LiiriVarapuheenjohtaja:Tuan NguyenSihteeri:Saana TolvanenRahastonhoitaja:Jenni TurpeinenVarastonhoitaja:Austeja KazanaviciuteSomevastaava:Erika LiiriYmp\u00e4rist\u00f6- ja yhdenvertaisuusvastaava:Lotta KorpiH\u00e4irint\u00e4yhdyshenkil\u00f6t:Erika Liiri, Venla Salonen<\/p>","protected":false},"author":6,"featured_media":0,"comment_status":"open","ping_status":"closed","sticky":false,"template":"","format":"standard","meta":{"footnotes":""},"categories":[6],"tags":[],"class_list":["post-428","post","type-post","status-publish","format-standard","hentry","category-hyde"],"yoast_head":"<!-- This site is optimized with the Yoast SEO plugin v23.9 - https:\/\/yoast.com\/wordpress\/plugins\/seo\/ -->\n<title>Hyden hallitus 2026 - Hydepakki<\/title>\n<meta name=\"robots\" content=\"index, follow, max-snippet:-1, max-image-preview:large, max-video-preview:-1\" \/>\n<link rel=\"canonical\" href=\"https:\/\/hydepakki.fi\/en\/hyde\/hyden-hallitus-2026\/\" \/>\n<meta property=\"og:locale\" content=\"en_GB\" \/>\n<meta property=\"og:type\" content=\"article\" \/>\n<meta property=\"og:title\" content=\"Hyden hallitus 2026 - Hydepakki\" \/>\n<meta property=\"og:description\" content=\"Puheenjohtaja:Erika LiiriVarapuheenjohtaja:Tuan NguyenSihteeri:Saana TolvanenRahastonhoitaja:Jenni TurpeinenVarastonhoitaja:Austeja KazanaviciuteSomevastaava:Erika LiiriYmp\u00e4rist\u00f6- ja yhdenvertaisuusvastaava:Lotta KorpiH\u00e4irint\u00e4yhdyshenkil\u00f6t:Erika Liiri, Venla Salonen\" \/>\n<meta property=\"og:url\" content=\"https:\/\/hydepakki.fi\/en\/hyde\/hyden-hallitus-2026\/\" \/>\n<meta property=\"og:site_name\" content=\"Hydepakki\" \/>\n<meta property=\"article:published_time\" content=\"2026-02-10T18:36:55+00:00\" \/>\n<meta property=\"article:modified_time\" content=\"2026-02-10T18:46:42+00:00\" \/>\n<meta name=\"author\" content=\"Iida Muurinen\" \/>\n<meta name=\"twitter:card\" content=\"summary_large_image\" \/>\n<meta name=\"twitter:label1\" content=\"Written by\" \/>\n\t<meta name=\"twitter:data1\" content=\"Iida Muurinen\" \/>\n\t<meta name=\"twitter:label2\" content=\"Est. reading time\" \/>\n\t<meta name=\"twitter:data2\" content=\"1 minute\" \/>\n<script type=\"application\/ld+json\" class=\"yoast-schema-graph\">{\"@context\":\"https:\/\/schema.org\",\"@graph\":[{\"@type\":\"Article\",\"@id\":\"https:\/\/hydepakki.fi\/hyde\/hyden-hallitus-2026\/#article\",\"isPartOf\":{\"@id\":\"https:\/\/hydepakki.fi\/hyde\/hyden-hallitus-2026\/\"},\"author\":{\"name\":\"Iida Muurinen\",\"@id\":\"https:\/\/hydepakki.fi\/#\/schema\/person\/d180933b9edc555776d16d260e12c009\"},\"headline\":\"Hyden hallitus 2026\",\"datePublished\":\"2026-02-10T18:36:55+00:00\",\"dateModified\":\"2026-02-10T18:46:42+00:00\",\"mainEntityOfPage\":{\"@id\":\"https:\/\/hydepakki.fi\/hyde\/hyden-hallitus-2026\/\"},\"wordCount\":35,\"commentCount\":0,\"publisher\":{\"@id\":\"https:\/\/hydepakki.fi\/#organization\"},\"articleSection\":[\"Hyden hallitukset\"],\"inLanguage\":\"en-GB\",\"potentialAction\":[{\"@type\":\"CommentAction\",\"name\":\"Comment\",\"target\":[\"https:\/\/hydepakki.fi\/hyde\/hyden-hallitus-2026\/#respond\"]}]},{\"@type\":\"WebPage\",\"@id\":\"https:\/\/hydepakki.fi\/hyde\/hyden-hallitus-2026\/\",\"url\":\"https:\/\/hydepakki.fi\/hyde\/hyden-hallitus-2026\/\",\"name\":\"Hyden hallitus 2026 - Hydepakki\",\"isPartOf\":{\"@id\":\"https:\/\/hydepakki.fi\/#website\"},\"datePublished\":\"2026-02-10T18:36:55+00:00\",\"dateModified\":\"2026-02-10T18:46:42+00:00\",\"breadcrumb\":{\"@id\":\"https:\/\/hydepakki.fi\/hyde\/hyden-hallitus-2026\/#breadcrumb\"},\"inLanguage\":\"en-GB\",\"potentialAction\":[{\"@type\":\"ReadAction\",\"target\":[\"https:\/\/hydepakki.fi\/hyde\/hyden-hallitus-2026\/\"]}]},{\"@type\":\"BreadcrumbList\",\"@id\":\"https:\/\/hydepakki.fi\/hyde\/hyden-hallitus-2026\/#breadcrumb\",\"itemListElement\":[{\"@type\":\"ListItem\",\"position\":1,\"name\":\"Home\",\"item\":\"https:\/\/hydepakki.fi\/\"},{\"@type\":\"ListItem\",\"position\":2,\"name\":\"Hyden hallitus 2026\"}]},{\"@type\":\"WebSite\",\"@id\":\"https:\/\/hydepakki.fi\/#website\",\"url\":\"https:\/\/hydepakki.fi\/\",\"name\":\"Hydepakki\",\"description\":\"Hupia joka s\u00e4\u00e4ss\u00e4\",\"publisher\":{\"@id\":\"https:\/\/hydepakki.fi\/#organization\"},\"potentialAction\":[{\"@type\":\"SearchAction\",\"target\":{\"@type\":\"EntryPoint\",\"urlTemplate\":\"https:\/\/hydepakki.fi\/?s={search_term_string}\"},\"query-input\":{\"@type\":\"PropertyValueSpecification\",\"valueRequired\":true,\"valueName\":\"search_term_string\"}}],\"inLanguage\":\"en-GB\"},{\"@type\":\"Organization\",\"@id\":\"https:\/\/hydepakki.fi\/#organization\",\"name\":\"Hydepakki\",\"url\":\"https:\/\/hydepakki.fi\/\",\"logo\":{\"@type\":\"ImageObject\",\"inLanguage\":\"en-GB\",\"@id\":\"https:\/\/hydepakki.fi\/#\/schema\/logo\/image\/\",\"url\":\"https:\/\/hydepakki.fi\/wp-content\/uploads\/2023\/11\/hydepakki_vari.png\",\"contentUrl\":\"https:\/\/hydepakki.fi\/wp-content\/uploads\/2023\/11\/hydepakki_vari.png\",\"width\":953,\"height\":207,\"caption\":\"Hydepakki\"},\"image\":{\"@id\":\"https:\/\/hydepakki.fi\/#\/schema\/logo\/image\/\"}},{\"@type\":\"Person\",\"@id\":\"https:\/\/hydepakki.fi\/#\/schema\/person\/d180933b9edc555776d16d260e12c009\",\"name\":\"Iida Muurinen\",\"image\":{\"@type\":\"ImageObject\",\"inLanguage\":\"en-GB\",\"@id\":\"https:\/\/hydepakki.fi\/#\/schema\/person\/image\/\",\"url\":\"https:\/\/secure.gravatar.com\/avatar\/e5d436c44b52366da3ccce26fe2ce58effa1890b131350f61ef7832473b289b6?s=96&d=mm&r=g\",\"contentUrl\":\"https:\/\/secure.gravatar.com\/avatar\/e5d436c44b52366da3ccce26fe2ce58effa1890b131350f61ef7832473b289b6?s=96&d=mm&r=g\",\"caption\":\"Iida Muurinen\"},\"url\":\"https:\/\/hydepakki.fi\/en\/author\/iida-muurinen\/\"}]}<\/script>\n<!-- \/ Yoast SEO plugin. -->","yoast_head_json":{"title":"Hyden hallitus 2026 - Hydepakki","robots":{"index":"index","follow":"follow","max-snippet":"max-snippet:-1","max-image-preview":"max-image-preview:large","max-video-preview":"max-video-preview:-1"},"canonical":"https:\/\/hydepakki.fi\/en\/hyde\/hyden-hallitus-2026\/","og_locale":"en_GB","og_type":"article","og_title":"Hyden hallitus 2026 - Hydepakki","og_description":"Puheenjohtaja:Erika LiiriVarapuheenjohtaja:Tuan NguyenSihteeri:Saana TolvanenRahastonhoitaja:Jenni TurpeinenVarastonhoitaja:Austeja KazanaviciuteSomevastaava:Erika LiiriYmp\u00e4rist\u00f6- ja yhdenvertaisuusvastaava:Lotta KorpiH\u00e4irint\u00e4yhdyshenkil\u00f6t:Erika Liiri, Venla Salonen","og_url":"https:\/\/hydepakki.fi\/en\/hyde\/hyden-hallitus-2026\/","og_site_name":"Hydepakki","article_published_time":"2026-02-10T18:36:55+00:00","article_modified_time":"2026-02-10T18:46:42+00:00","author":"Iida Muurinen","twitter_card":"summary_large_image","twitter_misc":{"Written by":"Iida Muurinen","Est. reading time":"1 minute"},"schema":{"@context":"https:\/\/schema.org","@graph":[{"@type":"Article","@id":"https:\/\/hydepakki.fi\/hyde\/hyden-hallitus-2026\/#article","isPartOf":{"@id":"https:\/\/hydepakki.fi\/hyde\/hyden-hallitus-2026\/"},"author":{"name":"Iida Muurinen","@id":"https:\/\/hydepakki.fi\/#\/schema\/person\/d180933b9edc555776d16d260e12c009"},"headline":"Hyden hallitus 2026","datePublished":"2026-02-10T18:36:55+00:00","dateModified":"2026-02-10T18:46:42+00:00","mainEntityOfPage":{"@id":"https:\/\/hydepakki.fi\/hyde\/hyden-hallitus-2026\/"},"wordCount":35,"commentCount":0,"publisher":{"@id":"https:\/\/hydepakki.fi\/#organization"},"articleSection":["Hyden hallitukset"],"inLanguage":"en-GB","potentialAction":[{"@type":"CommentAction","name":"Comment","target":["https:\/\/hydepakki.fi\/hyde\/hyden-hallitus-2026\/#respond"]}]},{"@type":"WebPage","@id":"https:\/\/hydepakki.fi\/hyde\/hyden-hallitus-2026\/","url":"https:\/\/hydepakki.fi\/hyde\/hyden-hallitus-2026\/","name":"Hyden hallitus 2026 - Hydepakki","isPartOf":{"@id":"https:\/\/hydepakki.fi\/#website"},"datePublished":"2026-02-10T18:36:55+00:00","dateModified":"2026-02-10T18:46:42+00:00","breadcrumb":{"@id":"https:\/\/hydepakki.fi\/hyde\/hyden-hallitus-2026\/#breadcrumb"},"inLanguage":"en-GB","potentialAction":[{"@type":"ReadAction","target":["https:\/\/hydepakki.fi\/hyde\/hyden-hallitus-2026\/"]}]},{"@type":"BreadcrumbList","@id":"https:\/\/hydepakki.fi\/hyde\/hyden-hallitus-2026\/#breadcrumb","itemListElement":[{"@type":"ListItem","position":1,"name":"Home","item":"https:\/\/hydepakki.fi\/"},{"@type":"ListItem","position":2,"name":"Hyden hallitus 2026"}]},{"@type":"WebSite","@id":"https:\/\/hydepakki.fi\/#website","url":"https:\/\/hydepakki.fi\/","name":"Hydepakki","description":"Fun in any weather","publisher":{"@id":"https:\/\/hydepakki.fi\/#organization"},"potentialAction":[{"@type":"SearchAction","target":{"@type":"EntryPoint","urlTemplate":"https:\/\/hydepakki.fi\/?s={search_term_string}"},"query-input":{"@type":"PropertyValueSpecification","valueRequired":true,"valueName":"search_term_string"}}],"inLanguage":"en-GB"},{"@type":"Organization","@id":"https:\/\/hydepakki.fi\/#organization","name":"Hydepakki","url":"https:\/\/hydepakki.fi\/","logo":{"@type":"ImageObject","inLanguage":"en-GB","@id":"https:\/\/hydepakki.fi\/#\/schema\/logo\/image\/","url":"https:\/\/hydepakki.fi\/wp-content\/uploads\/2023\/11\/hydepakki_vari.png","contentUrl":"https:\/\/hydepakki.fi\/wp-content\/uploads\/2023\/11\/hydepakki_vari.png","width":953,"height":207,"caption":"Hydepakki"},"image":{"@id":"https:\/\/hydepakki.fi\/#\/schema\/logo\/image\/"}},{"@type":"Person","@id":"https:\/\/hydepakki.fi\/#\/schema\/person\/d180933b9edc555776d16d260e12c009","name":"Iida Muurinen","image":{"@type":"ImageObject","inLanguage":"en-GB","@id":"https:\/\/hydepakki.fi\/#\/schema\/person\/image\/","url":"https:\/\/secure.gravatar.com\/avatar\/e5d436c44b52366da3ccce26fe2ce58effa1890b131350f61ef7832473b289b6?s=96&d=mm&r=g","contentUrl":"https:\/\/secure.gravatar.com\/avatar\/e5d436c44b52366da3ccce26fe2ce58effa1890b131350f61ef7832473b289b6?s=96&d=mm&r=g","caption":"Iida Muurinen"},"url":"https:\/\/hydepakki.fi\/en\/author\/iida-muurinen\/"}]}},"_links":{"self":[{"href":"https:\/\/hydepakki.fi\/en\/wp-json\/wp\/v2\/posts\/428","targetHints":{"allow":["GET"]}}],"collection":[{"href":"https:\/\/hydepakki.fi\/en\/wp-json\/wp\/v2\/posts"}],"about":[{"href":"https:\/\/hydepakki.fi\/en\/wp-json\/wp\/v2\/types\/post"}],"author":[{"embeddable":true,"href":"https:\/\/hydepakki.fi\/en\/wp-json\/wp\/v2\/users\/6"}],"replies":[{"embeddable":true,"href":"https:\/\/hydepakki.fi\/en\/wp-json\/wp\/v2\/comments?post=428"}],"version-history":[{"count":2,"href":"https:\/\/hydepakki.fi\/en\/wp-json\/wp\/v2\/posts\/428\/revisions"}],"predecessor-version":[{"id":430,"href":"https:\/\/hydepakki.fi\/en\/wp-json\/wp\/v2\/posts\/428\/revisions\/430"}],"wp:attachment":[{"href":"https:\/\/hydepakki.fi\/en\/wp-json\/wp\/v2\/media?parent=428"}],"wp:term":[{"taxonomy":"category","embeddable":true,"href":"https:\/\/hydepakki.fi\/en\/wp-json\/wp\/v2\/categories?post=428"},{"taxonomy":"post_tag","embeddable":true,"href":"https:\/\/hydepakki.fi\/en\/wp-json\/wp\/v2\/tags?post=428"}],"curies":[{"name":"wp","href":"https:\/\/api.w.org\/{rel}","templated":true}]}}