{"id":334,"date":"2024-09-11T18:38:09","date_gmt":"2024-09-11T18:38:09","guid":{"rendered":"https:\/\/hydepakki.fi\/?p=334"},"modified":"2024-10-27T17:04:37","modified_gmt":"2024-10-27T17:04:37","slug":"evon-vaellus-2024","status":"publish","type":"post","link":"https:\/\/hydepakki.fi\/en\/tapahtumat\/evon-vaellus-2024\/","title":{"rendered":"Evon vaellus 18.10.2024"},"content":{"rendered":"<p>Tervetuloa Hydepakin viikonloppuvaellukselle\u00a0<strong>Evon retkeilyalueelle pe 18.10. &#8211; su 20.10.2024.<\/strong>\u00a0\ud83c\udf32P\u00e4\u00e4set nauttimaan harjuisista maisemista, ihailemaan hienoja j\u00e4rvi\u00e4 ja hyv\u00e4ll\u00e4 tuurilla l\u00f6yt\u00e4m\u00e4\u00e4n j\u00e4lki\u00e4 majavista. Vaellus soveltuu sek\u00e4 aloittelijoille ett\u00e4 kokeneemmille retkeilij\u00f6ille.\u00a0<\/p>\n\n\n\n<p>Bussikuljetus Evolle l\u00e4htee Otaniemest\u00e4 osoitteesta Puumiehenkuja 1<strong>&nbsp;klo 14:00 perjantaina 18.10.2024<\/strong>. Sunnuntaina 20.10. olemme takaisin Otaniemess\u00e4 noin klo 18:00.<\/p>\n\n\n\n<p><strong>Vaelluksen aikataulu ja ohjelma:<\/strong><\/p>\n\n\n\n<p>perjantai<br>14:00 Bussi l\u00e4htee Otaniemest\u00e4 (Puumiehenkuja 1). Ole ajoissa paikalla! <br>16:00 Bussi on perill\u00e4 Evolla Luutajoen pys\u00e4k\u00f6intipaikalla (Ruuhij\u00e4rventie 3, H\u00e4meenlinna)<br>noin 6 km k\u00e4vely\u00e4 leiripaikalle.<\/p>\n\n\n\n<p>lauantai<br>~klo. 10-17 Reittivalinnasta riippuen 6-20 km k\u00e4vely\u00e4 seuraavalle leiripaikalle. Jaamme osallistujat aamulla ryhmiin sen mukaan, kuinka pitk\u00e4n matkan kukin haluaa k\u00e4vell\u00e4. Lounas sy\u00f6d\u00e4\u00e4n matkan varrella puoliltap\u00e4ivin. Illalla on mahdollisuus viett\u00e4\u00e4 aikaa nuotiolla tai k\u00e4yd\u00e4 tutustumassa muihin l\u00e4heisiin j\u00e4rviin.<\/p>\n\n\n\n<p>sunnuntai<br>~klo. 10-15 noin 8 km k\u00e4vely\u00e4 Evokeskukselle, lounas matkan varrella<br>16:00 bussi l\u00e4htee Evokeskukselta (Opistontie 200, H\u00e4meenlinna)<br>18:00 bussi perill\u00e4 Otaniemess\u00e4 (Puumiehenkuja 1)<\/p>\n\n\n\n<p>Vaelluksen osallistumismaksu on noin 55 \u20ac, johon kuuluu bussikuljetus vaellukselle, viikonlopun ruoat (aamupala x2, lounas x2, illallinen x2)&nbsp; ja tarvittavat lainateltat ja varusteet. Tai noin 35 \u20ac, jos et halua j\u00e4rjest\u00e4jien hankkimia ruokia. Vaelluksen tarkka hinta ilmoitetaan osallistujam\u00e4\u00e4r\u00e4n ollessa tiedossa, eli hinta on alhaisempi, jos saamme retkelle paljon osallistujia. Ohjeet osallistumismaksun maksamiseen l\u00e4hetet\u00e4\u00e4n osallistujille my\u00f6hemmin.<\/p>\n\n\n\n<p>Muistathan, ett\u00e4 y\u00f6n yli kest\u00e4v\u00e4\u00e4n tapahtumaan osallistuvilla tulee olla maksettuna Hyden tai Teepakin j\u00e4senmaksu (7\u20ac). Ohjeet j\u00e4senmaksun maksamiseen l\u00f6yd\u00e4 t\u00e4\u00e4lt\u00e4t:&nbsp;<a href=\"https:\/\/hydepakki.fi\/en\/yhteystiedot\/\">https:\/\/hydepakki.fi\/en\/contact-information\/<\/a><\/p>\n\n\n\n<p><strong>Tarvitset vaellukselle seuraavat varusteet:<\/strong><\/p>\n\n\n\n<p>K\u00e4velyvaatteet (v\u00e4lt\u00e4 puuvillaa):<br>&#8211; Alusvaatteet<br>&#8211; Sukat<br>&#8211; Aluskerrasto<br>&#8211; Housut<br>&#8211; Kevyt takki<br>&#8211; Vaelluskeng\u00e4t (mielell\u00e4\u00e4n vedenpit\u00e4v\u00e4t)<\/p>\n\n\n\n<p>Pakkaaminen:<br>&#8211; Rinkka, suositeltu tilavuus on 60+ litraa.\u00a0J\u00e4t\u00e4 tilaa yhteisille ruoille, jos valitsi sy\u00f6d\u00e4 niit\u00e4, ja mahdollisille lainavarusteille!<br>&#8211; Rinkan sis\u00e4pussi (vedenpit\u00e4v\u00e4 pussi tavaroillesi, esim. iso j\u00e4tes\u00e4kki)<br>&#8211; Pussi pienille tavaroille (esim. kangaskassi tai muovinen kauppakassi)<br>&#8211; Ruokapussi (esim. muovinen kauppakassi)<\/p>\n\n\n\n<p>Nukkuminen:<br>&#8211; Teltta tai riippumatto (jos on)<br>&#8211; Makuupussi (comfort ainakin 0\u00b0C, mielell\u00e4\u00e4n pakkasen puolella)\u00a0<br>&#8211; Makuualusta (ainakin 1 cm paksu solumuovialusta tai ilmapatja jossa >3 R-arvo)<br>&#8211; Retkityyny (jos haluat, voit k\u00e4ytt\u00e4\u00e4 my\u00f6s vaatteita tyynyn\u00e4)<\/p>\n\n\n\n<p>Vaatteet reppuun:<br>&#8211; L\u00e4mmin takki (tauoille ja illaksi, voi tulla kylm\u00e4)<br>&#8211; Fleece tai villapaita (lis\u00e4l\u00e4mm\u00f6ksi)<br>&#8211; Vedenpit\u00e4v\u00e4t vaatteet (t\u00e4ytyy olla)<br>&#8211; Pipo, hanskat ja huivi<br>&#8211; Sukat (esim. 2 paria)<br>&#8211; Alusvaatteet<br>&#8211; Aluskerrasto (esim. nukkumiseen)<br>&#8211; Villasukat<\/p>\n\n\n\n<p>Ruoanlaitto\/sy\u00f6minen\/vesi:<br>&#8211; Vesipulloja noin 2 l (jos keit\u00e4t juomaveden luonnosta) tai juomavett\u00e4 koko viikonlopun ajalle (jos et halua k\u00e4ytt\u00e4\u00e4 luonnonvesi\u00e4 muuten kuin ruoanlaittoon)<br>&#8211; Ruokailuv\u00e4lineet (lautanen, muki ja lusikka)<br>&#8211; Retkikeitin ja tarpeeksi polttoainetta (jos ilmoitit, ett\u00e4 tuot keittimen)<br>&#8211; Tulitikkuja<br>&#8211; Ruokaa (jos tuot omat)<br>&#8211; Naposteltavaa (suklaata, p\u00e4hkin\u00f6it\u00e4 jne.)<\/p>\n\n\n\n<p>Muut:<br>&#8211; Otsalamppu<br>&#8211; Kartta ja kompassi (jos sinulla on)<br>&#8211; Puukko<br>&#8211; Vessapaperia<br>&#8211; Roskapussi<br>&#8211; Hammasharja ja -tahna<br>&#8211; Rakkolaastareita<br>&#8211; S\u00e4rkyl\u00e4\u00e4kkeit\u00e4<br>&#8211; Henkil\u00f6kohtaiset l\u00e4\u00e4kkeet<\/p>\n\n\n\n<p>Valinnaiset:<br>&#8211; Istuinalusta<br>&#8211; Teippi\u00e4<br>&#8211; Pyyhe ja uimapuku<br>&#8211; Leirikeng\u00e4t (crocsit tms.)<br>&#8211; Tiskiharja<br>&#8211; K\u00e4nnykk\u00e4<\/p>\n\n\n\n<p>Makuupusseja, -alustoja ja rinkkoja l\u00f6ytyy tarvittaessa lainaan muutamia kappaleita nopeimmille. Jos haluaisit varusteita lainaan, ota yhteytt\u00e4 Teepakin varastonhoitajaan&nbsp;<a href=\"mailto:storage@hydepakki.fi\">storage@hydepakki.fi<\/a>. Varaudu kuitenkin siihen, ett\u00e4 voit joutua hankkimaan varusteet muualta (kavereilta ainakin kannattaa kysell\u00e4!).<\/p>\n\n\n\n<p><strong>Ilmoittaudu mukaan<\/strong>&nbsp;vaellukselle t\u00e4st\u00e4 linkist\u00e4:&nbsp;<a href=\"https:\/\/forms.gle\/Na4Y5AY5XsP2WKTV6\">https:\/\/forms.gle\/Na4Y5AY5XsP2WKTV6<br><\/a>Mukaan mahtuu 45 ensimm\u00e4ist\u00e4, ja ilmoittautuminen sulkeutuu 13.10. sunnuntaina.&nbsp;<\/p>\n\n\n\n<p>Jos sinulla on jotakin kysytt\u00e4v\u00e4\u00e4 vaelluksesta tai varusteista ota yhteytt\u00e4 j\u00e4rjest\u00e4jiin (Telegram @kyngben, tai vaelluksen Whatsapp-ryhm\u00e4ss\u00e4, johon on linkki ilmoittautumislomakkeessa)<\/p>\n\n\n\n<p>N\u00e4hd\u00e4\u00e4n vaelluksella!\ud83c\udfd5\ufe0f<\/p>\n\n\n\n<p>Syysmets\u00e4terveisin,<\/p>\n\n\n\n<p>Aki ja Benjamin<\/p>\n\n\n\n<hr class=\"wp-block-separator has-alpha-channel-opacity\"\/>\n\n\n\n<p><em>All Hydepakki's events are alcohol-free and follow HYY's and AYY's safer space principles. Hydepakki has its own harassment contact persons, who can be contacted at a low threshold. You can reach us easily by sending a message or calling: Benjamin 040 1366050, Iida-Liisa 045 2689950 and Rebecca <\/em><a href=\"mailto:rebecca.overmyer@helsinki.fi\"><em>rebecca.overmyer@helsinki.fi<\/em><\/a><em>.<\/em><\/p>","protected":false},"excerpt":{"rendered":"<p>Hydepakki j\u00e4rjest\u00e4\u00e4 vaelluksen Evolle 18.10.2024. Ilmoittaudu mukaan 13.10.2024 menness\u00e4.<\/p>","protected":false},"author":1,"featured_media":335,"comment_status":"open","ping_status":"closed","sticky":false,"template":"","format":"standard","meta":{"footnotes":""},"categories":[8],"tags":[11],"class_list":["post-334","post","type-post","status-publish","format-standard","has-post-thumbnail","hentry","category-tapahtumat","tag-11"],"yoast_head":"<!-- This site is optimized with the Yoast SEO plugin v23.9 - https:\/\/yoast.com\/wordpress\/plugins\/seo\/ -->\n<title>Evon vaellus 18.10.2024 - Hydepakki<\/title>\n<meta name=\"robots\" content=\"index, follow, max-snippet:-1, max-image-preview:large, max-video-preview:-1\" \/>\n<link rel=\"canonical\" href=\"https:\/\/hydepakki.fi\/en\/tapahtumat\/evon-vaellus-2024\/\" \/>\n<meta property=\"og:locale\" content=\"en_GB\" \/>\n<meta property=\"og:type\" content=\"article\" \/>\n<meta property=\"og:title\" content=\"Evon vaellus 18.10.2024 - Hydepakki\" \/>\n<meta property=\"og:description\" content=\"Hydepakki j\u00e4rjest\u00e4\u00e4 vaelluksen Evolle 18.10.2024. Ilmoittaudu mukaan 13.10.2024 menness\u00e4.\" \/>\n<meta property=\"og:url\" content=\"https:\/\/hydepakki.fi\/en\/tapahtumat\/evon-vaellus-2024\/\" \/>\n<meta property=\"og:site_name\" content=\"Hydepakki\" \/>\n<meta property=\"article:published_time\" content=\"2024-09-11T18:38:09+00:00\" \/>\n<meta property=\"article:modified_time\" content=\"2024-10-27T17:04:37+00:00\" \/>\n<meta property=\"og:image\" content=\"https:\/\/hydepakki.fi\/wp-content\/uploads\/2024\/09\/IMG_0606.jpg\" \/>\n\t<meta property=\"og:image:width\" content=\"2048\" \/>\n\t<meta property=\"og:image:height\" content=\"1365\" \/>\n\t<meta property=\"og:image:type\" content=\"image\/jpeg\" \/>\n<meta name=\"author\" content=\"admin\" \/>\n<meta name=\"twitter:card\" content=\"summary_large_image\" \/>\n<meta name=\"twitter:label1\" content=\"Written by\" \/>\n\t<meta name=\"twitter:data1\" content=\"admin\" \/>\n\t<meta name=\"twitter:label2\" content=\"Est. reading time\" \/>\n\t<meta name=\"twitter:data2\" content=\"3 minutes\" \/>\n<script type=\"application\/ld+json\" class=\"yoast-schema-graph\">{\"@context\":\"https:\/\/schema.org\",\"@graph\":[{\"@type\":\"Article\",\"@id\":\"https:\/\/hydepakki.fi\/tapahtumat\/evon-vaellus-2024\/#article\",\"isPartOf\":{\"@id\":\"https:\/\/hydepakki.fi\/tapahtumat\/evon-vaellus-2024\/\"},\"author\":{\"name\":\"admin\",\"@id\":\"https:\/\/hydepakki.fi\/#\/schema\/person\/71e29704c4cebe86cb3dc8e6ea97deca\"},\"headline\":\"Evon vaellus 18.10.2024\",\"datePublished\":\"2024-09-11T18:38:09+00:00\",\"dateModified\":\"2024-10-27T17:04:37+00:00\",\"mainEntityOfPage\":{\"@id\":\"https:\/\/hydepakki.fi\/tapahtumat\/evon-vaellus-2024\/\"},\"wordCount\":633,\"commentCount\":0,\"publisher\":{\"@id\":\"https:\/\/hydepakki.fi\/#organization\"},\"image\":{\"@id\":\"https:\/\/hydepakki.fi\/tapahtumat\/evon-vaellus-2024\/#primaryimage\"},\"thumbnailUrl\":\"https:\/\/hydepakki.fi\/wp-content\/uploads\/2024\/09\/IMG_0606.jpg\",\"keywords\":[\"2024\"],\"articleSection\":[\"Tapahtumat\"],\"inLanguage\":\"en-GB\",\"potentialAction\":[{\"@type\":\"CommentAction\",\"name\":\"Comment\",\"target\":[\"https:\/\/hydepakki.fi\/tapahtumat\/evon-vaellus-2024\/#respond\"]}]},{\"@type\":\"WebPage\",\"@id\":\"https:\/\/hydepakki.fi\/tapahtumat\/evon-vaellus-2024\/\",\"url\":\"https:\/\/hydepakki.fi\/tapahtumat\/evon-vaellus-2024\/\",\"name\":\"Evon vaellus 18.10.2024 - Hydepakki\",\"isPartOf\":{\"@id\":\"https:\/\/hydepakki.fi\/#website\"},\"primaryImageOfPage\":{\"@id\":\"https:\/\/hydepakki.fi\/tapahtumat\/evon-vaellus-2024\/#primaryimage\"},\"image\":{\"@id\":\"https:\/\/hydepakki.fi\/tapahtumat\/evon-vaellus-2024\/#primaryimage\"},\"thumbnailUrl\":\"https:\/\/hydepakki.fi\/wp-content\/uploads\/2024\/09\/IMG_0606.jpg\",\"datePublished\":\"2024-09-11T18:38:09+00:00\",\"dateModified\":\"2024-10-27T17:04:37+00:00\",\"breadcrumb\":{\"@id\":\"https:\/\/hydepakki.fi\/tapahtumat\/evon-vaellus-2024\/#breadcrumb\"},\"inLanguage\":\"en-GB\",\"potentialAction\":[{\"@type\":\"ReadAction\",\"target\":[\"https:\/\/hydepakki.fi\/tapahtumat\/evon-vaellus-2024\/\"]}]},{\"@type\":\"ImageObject\",\"inLanguage\":\"en-GB\",\"@id\":\"https:\/\/hydepakki.fi\/tapahtumat\/evon-vaellus-2024\/#primaryimage\",\"url\":\"https:\/\/hydepakki.fi\/wp-content\/uploads\/2024\/09\/IMG_0606.jpg\",\"contentUrl\":\"https:\/\/hydepakki.fi\/wp-content\/uploads\/2024\/09\/IMG_0606.jpg\",\"width\":2048,\"height\":1365},{\"@type\":\"BreadcrumbList\",\"@id\":\"https:\/\/hydepakki.fi\/tapahtumat\/evon-vaellus-2024\/#breadcrumb\",\"itemListElement\":[{\"@type\":\"ListItem\",\"position\":1,\"name\":\"Home\",\"item\":\"https:\/\/hydepakki.fi\/\"},{\"@type\":\"ListItem\",\"position\":2,\"name\":\"Evon vaellus 18.10.2024\"}]},{\"@type\":\"WebSite\",\"@id\":\"https:\/\/hydepakki.fi\/#website\",\"url\":\"https:\/\/hydepakki.fi\/\",\"name\":\"Hydepakki\",\"description\":\"Hupia joka s\u00e4\u00e4ss\u00e4\",\"publisher\":{\"@id\":\"https:\/\/hydepakki.fi\/#organization\"},\"potentialAction\":[{\"@type\":\"SearchAction\",\"target\":{\"@type\":\"EntryPoint\",\"urlTemplate\":\"https:\/\/hydepakki.fi\/?s={search_term_string}\"},\"query-input\":{\"@type\":\"PropertyValueSpecification\",\"valueRequired\":true,\"valueName\":\"search_term_string\"}}],\"inLanguage\":\"en-GB\"},{\"@type\":\"Organization\",\"@id\":\"https:\/\/hydepakki.fi\/#organization\",\"name\":\"Hydepakki\",\"url\":\"https:\/\/hydepakki.fi\/\",\"logo\":{\"@type\":\"ImageObject\",\"inLanguage\":\"en-GB\",\"@id\":\"https:\/\/hydepakki.fi\/#\/schema\/logo\/image\/\",\"url\":\"https:\/\/hydepakki.fi\/wp-content\/uploads\/2023\/11\/hydepakki_vari.png\",\"contentUrl\":\"https:\/\/hydepakki.fi\/wp-content\/uploads\/2023\/11\/hydepakki_vari.png\",\"width\":953,\"height\":207,\"caption\":\"Hydepakki\"},\"image\":{\"@id\":\"https:\/\/hydepakki.fi\/#\/schema\/logo\/image\/\"}},{\"@type\":\"Person\",\"@id\":\"https:\/\/hydepakki.fi\/#\/schema\/person\/71e29704c4cebe86cb3dc8e6ea97deca\",\"name\":\"admin\",\"image\":{\"@type\":\"ImageObject\",\"inLanguage\":\"en-GB\",\"@id\":\"https:\/\/hydepakki.fi\/#\/schema\/person\/image\/\",\"url\":\"https:\/\/secure.gravatar.com\/avatar\/4cca2d5b34c5fff9cf54e0115c71c63aff5b49135993864ae399ff24af3d756c?s=96&d=mm&r=g\",\"contentUrl\":\"https:\/\/secure.gravatar.com\/avatar\/4cca2d5b34c5fff9cf54e0115c71c63aff5b49135993864ae399ff24af3d756c?s=96&d=mm&r=g\",\"caption\":\"admin\"},\"sameAs\":[\"https:\/\/hydepakki.fi\"],\"url\":\"https:\/\/hydepakki.fi\/en\/author\/elias-yla-jarkko\/\"}]}<\/script>\n<!-- \/ Yoast SEO plugin. -->","yoast_head_json":{"title":"Evon vaellus 18.10.2024 - Hydepakki","robots":{"index":"index","follow":"follow","max-snippet":"max-snippet:-1","max-image-preview":"max-image-preview:large","max-video-preview":"max-video-preview:-1"},"canonical":"https:\/\/hydepakki.fi\/en\/tapahtumat\/evon-vaellus-2024\/","og_locale":"en_GB","og_type":"article","og_title":"Evon vaellus 18.10.2024 - Hydepakki","og_description":"Hydepakki j\u00e4rjest\u00e4\u00e4 vaelluksen Evolle 18.10.2024. Ilmoittaudu mukaan 13.10.2024 menness\u00e4.","og_url":"https:\/\/hydepakki.fi\/en\/tapahtumat\/evon-vaellus-2024\/","og_site_name":"Hydepakki","article_published_time":"2024-09-11T18:38:09+00:00","article_modified_time":"2024-10-27T17:04:37+00:00","og_image":[{"width":2048,"height":1365,"url":"https:\/\/hydepakki.fi\/wp-content\/uploads\/2024\/09\/IMG_0606.jpg","type":"image\/jpeg"}],"author":"admin","twitter_card":"summary_large_image","twitter_misc":{"Written by":"admin","Est. reading time":"3 minutes"},"schema":{"@context":"https:\/\/schema.org","@graph":[{"@type":"Article","@id":"https:\/\/hydepakki.fi\/tapahtumat\/evon-vaellus-2024\/#article","isPartOf":{"@id":"https:\/\/hydepakki.fi\/tapahtumat\/evon-vaellus-2024\/"},"author":{"name":"admin","@id":"https:\/\/hydepakki.fi\/#\/schema\/person\/71e29704c4cebe86cb3dc8e6ea97deca"},"headline":"Evon vaellus 18.10.2024","datePublished":"2024-09-11T18:38:09+00:00","dateModified":"2024-10-27T17:04:37+00:00","mainEntityOfPage":{"@id":"https:\/\/hydepakki.fi\/tapahtumat\/evon-vaellus-2024\/"},"wordCount":633,"commentCount":0,"publisher":{"@id":"https:\/\/hydepakki.fi\/#organization"},"image":{"@id":"https:\/\/hydepakki.fi\/tapahtumat\/evon-vaellus-2024\/#primaryimage"},"thumbnailUrl":"https:\/\/hydepakki.fi\/wp-content\/uploads\/2024\/09\/IMG_0606.jpg","keywords":["2024"],"articleSection":["Tapahtumat"],"inLanguage":"en-GB","potentialAction":[{"@type":"CommentAction","name":"Comment","target":["https:\/\/hydepakki.fi\/tapahtumat\/evon-vaellus-2024\/#respond"]}]},{"@type":"WebPage","@id":"https:\/\/hydepakki.fi\/tapahtumat\/evon-vaellus-2024\/","url":"https:\/\/hydepakki.fi\/tapahtumat\/evon-vaellus-2024\/","name":"Evon vaellus 18.10.2024 - Hydepakki","isPartOf":{"@id":"https:\/\/hydepakki.fi\/#website"},"primaryImageOfPage":{"@id":"https:\/\/hydepakki.fi\/tapahtumat\/evon-vaellus-2024\/#primaryimage"},"image":{"@id":"https:\/\/hydepakki.fi\/tapahtumat\/evon-vaellus-2024\/#primaryimage"},"thumbnailUrl":"https:\/\/hydepakki.fi\/wp-content\/uploads\/2024\/09\/IMG_0606.jpg","datePublished":"2024-09-11T18:38:09+00:00","dateModified":"2024-10-27T17:04:37+00:00","breadcrumb":{"@id":"https:\/\/hydepakki.fi\/tapahtumat\/evon-vaellus-2024\/#breadcrumb"},"inLanguage":"en-GB","potentialAction":[{"@type":"ReadAction","target":["https:\/\/hydepakki.fi\/tapahtumat\/evon-vaellus-2024\/"]}]},{"@type":"ImageObject","inLanguage":"en-GB","@id":"https:\/\/hydepakki.fi\/tapahtumat\/evon-vaellus-2024\/#primaryimage","url":"https:\/\/hydepakki.fi\/wp-content\/uploads\/2024\/09\/IMG_0606.jpg","contentUrl":"https:\/\/hydepakki.fi\/wp-content\/uploads\/2024\/09\/IMG_0606.jpg","width":2048,"height":1365},{"@type":"BreadcrumbList","@id":"https:\/\/hydepakki.fi\/tapahtumat\/evon-vaellus-2024\/#breadcrumb","itemListElement":[{"@type":"ListItem","position":1,"name":"Home","item":"https:\/\/hydepakki.fi\/"},{"@type":"ListItem","position":2,"name":"Evon vaellus 18.10.2024"}]},{"@type":"WebSite","@id":"https:\/\/hydepakki.fi\/#website","url":"https:\/\/hydepakki.fi\/","name":"Hydepakki","description":"Fun in any weather","publisher":{"@id":"https:\/\/hydepakki.fi\/#organization"},"potentialAction":[{"@type":"SearchAction","target":{"@type":"EntryPoint","urlTemplate":"https:\/\/hydepakki.fi\/?s={search_term_string}"},"query-input":{"@type":"PropertyValueSpecification","valueRequired":true,"valueName":"search_term_string"}}],"inLanguage":"en-GB"},{"@type":"Organization","@id":"https:\/\/hydepakki.fi\/#organization","name":"Hydepakki","url":"https:\/\/hydepakki.fi\/","logo":{"@type":"ImageObject","inLanguage":"en-GB","@id":"https:\/\/hydepakki.fi\/#\/schema\/logo\/image\/","url":"https:\/\/hydepakki.fi\/wp-content\/uploads\/2023\/11\/hydepakki_vari.png","contentUrl":"https:\/\/hydepakki.fi\/wp-content\/uploads\/2023\/11\/hydepakki_vari.png","width":953,"height":207,"caption":"Hydepakki"},"image":{"@id":"https:\/\/hydepakki.fi\/#\/schema\/logo\/image\/"}},{"@type":"Person","@id":"https:\/\/hydepakki.fi\/#\/schema\/person\/71e29704c4cebe86cb3dc8e6ea97deca","name":"admin","image":{"@type":"ImageObject","inLanguage":"en-GB","@id":"https:\/\/hydepakki.fi\/#\/schema\/person\/image\/","url":"https:\/\/secure.gravatar.com\/avatar\/4cca2d5b34c5fff9cf54e0115c71c63aff5b49135993864ae399ff24af3d756c?s=96&d=mm&r=g","contentUrl":"https:\/\/secure.gravatar.com\/avatar\/4cca2d5b34c5fff9cf54e0115c71c63aff5b49135993864ae399ff24af3d756c?s=96&d=mm&r=g","caption":"admin"},"sameAs":["https:\/\/hydepakki.fi"],"url":"https:\/\/hydepakki.fi\/en\/author\/elias-yla-jarkko\/"}]}},"_links":{"self":[{"href":"https:\/\/hydepakki.fi\/en\/wp-json\/wp\/v2\/posts\/334","targetHints":{"allow":["GET"]}}],"collection":[{"href":"https:\/\/hydepakki.fi\/en\/wp-json\/wp\/v2\/posts"}],"about":[{"href":"https:\/\/hydepakki.fi\/en\/wp-json\/wp\/v2\/types\/post"}],"author":[{"embeddable":true,"href":"https:\/\/hydepakki.fi\/en\/wp-json\/wp\/v2\/users\/1"}],"replies":[{"embeddable":true,"href":"https:\/\/hydepakki.fi\/en\/wp-json\/wp\/v2\/comments?post=334"}],"version-history":[{"count":1,"href":"https:\/\/hydepakki.fi\/en\/wp-json\/wp\/v2\/posts\/334\/revisions"}],"predecessor-version":[{"id":336,"href":"https:\/\/hydepakki.fi\/en\/wp-json\/wp\/v2\/posts\/334\/revisions\/336"}],"wp:featuredmedia":[{"embeddable":true,"href":"https:\/\/hydepakki.fi\/en\/wp-json\/wp\/v2\/media\/335"}],"wp:attachment":[{"href":"https:\/\/hydepakki.fi\/en\/wp-json\/wp\/v2\/media?parent=334"}],"wp:term":[{"taxonomy":"category","embeddable":true,"href":"https:\/\/hydepakki.fi\/en\/wp-json\/wp\/v2\/categories?post=334"},{"taxonomy":"post_tag","embeddable":true,"href":"https:\/\/hydepakki.fi\/en\/wp-json\/wp\/v2\/tags?post=334"}],"curies":[{"name":"wp","href":"https:\/\/api.w.org\/{rel}","templated":true}]}}